{"id":7598,"date":"2026-09-01T11:05:16","date_gmt":"2026-09-01T15:05:16","guid":{"rendered":"https:\/\/parcregionalsadm.com\/non-categorise\/sentiers-randonnee-laurentides\/"},"modified":"2026-09-01T14:07:50","modified_gmt":"2026-09-01T18:07:50","slug":"trails-hiking-laurentians","status":"publish","type":"post","link":"https:\/\/parcregionalsadm.com\/en\/blogue\/trails-hiking-laurentians\/","title":{"rendered":"Hiking in the Laurentians: 8 trails to discover"},"content":{"rendered":"\t\t<div data-elementor-type=\"wp-post\" data-elementor-id=\"7598\" class=\"elementor elementor-7598 elementor-7507\" data-elementor-post-type=\"post\">\n\t\t\t\t<div class=\"elementor-element elementor-element-1b74ff8 e-con-full page-banner e-flex e-con e-parent\" data-id=\"1b74ff8\" data-element_type=\"container\" data-settings=\"{&quot;background_background&quot;:&quot;classic&quot;}\">\n\t\t\t\t<div class=\"elementor-element elementor-element-3781e2d elementor-view-default elementor-widget elementor-widget-icon\" data-id=\"3781e2d\" data-element_type=\"widget\" data-widget_type=\"icon.default\">\n\t\t\t\t<div class=\"elementor-widget-container\">\n\t\t\t\t\t\t\t<div class=\"elementor-icon-wrapper\">\n\t\t\t<div class=\"elementor-icon\">\n\t\t\t<svg xmlns=\"http:\/\/www.w3.org\/2000\/svg\" xmlns:xlink=\"http:\/\/www.w3.org\/1999\/xlink\" id=\"Layer_1\" x=\"0px\" y=\"0px\" viewBox=\"0 0 158.8 239.3\" style=\"enable-background:new 0 0 158.8 239.3;\" xml:space=\"preserve\"> <style type=\"text\/css\"> .st0{clip-path:url(#SVGID_2_);} .st1{fill:#FFFFFF;} <\/style> <g> <defs> <rect id=\"SVGID_1_\" y=\"0\" width=\"158.8\" height=\"239.3\"><\/rect> <\/defs> <clipPath id=\"SVGID_2_\"> <use xlink:href=\"#SVGID_1_\" style=\"overflow:visible;\"><\/use> <\/clipPath> <g class=\"st0\"> <path class=\"st1\" d=\"M93.2,88.3c-4.3,16.1-8,31.3-12.6,46.2c-2.2,7.1-1.4,11.9,4.5,16.8c6.6,5.4,12.3,11.7,18,18 c2,2.2,3.2,4.9,3.4,7.8c0.3,16.3,0.2,32.7,0.1,49c0,7.6-5.2,13-12.2,13.2c-7.2,0.2-12.9-5.1-13-12.9c-0.2-13.2,0.1-26.4-0.2-39.5 c-0.1-2.4-1-4.7-2.7-6.4c-10-10.4-20.3-20.6-30.6-30.9c-8-8-10.5-17.6-7.7-28.4c4.1-15.8,8.3-31.5,12.7-47.3 C57.3,58.2,71.2,50.6,87,54c12.6,2.7,20.8,10.7,27.4,20.8c2.6,3.9,5.3,4.6,9.6,3.2c5.8-1.9,11.8-3.4,17.8-4.9 c8.1-2,14.6,1.5,16.5,8.7c1.9,7-2.3,13.4-10.3,15.6c-11.1,3-22.2,5.8-33.2,9c-4.3,1.2-7.4,0.2-10.1-3.3 C101.2,98.5,97.5,93.9,93.2,88.3\"><\/path> <path class=\"st1\" d=\"M0,113.2c0.1-1.4,0.3-2.8,0.6-4.2c3.9-14.4,7.6-28.9,11.7-43.3C16.5,51.1,32.2,42.4,50,50 c3.1,1.3,4.2,4.1,3.2,7.5C46.8,81.3,40.5,105,34,128.8c-1.4,5-3.9,6.4-9,5.2c-4.5-1.1-9-2.3-13.4-3.7C4.3,127.9-0.1,121.6,0,113.2 \"><\/path> <path class=\"st1\" d=\"M38.2,144.7c6.2,6.4,12.2,12.4,17.9,18.6c1.2,1.5,1.8,3.5,1.5,5.4c-5.2,20.1-10.6,40.2-16,60.2 c-2.1,7.6-8.5,11.7-15.3,9.9c-7.2-1.9-11-8.1-8.9-15.8C24.2,196.9,31.2,170.8,38.2,144.7\"><\/path> <path class=\"st1\" d=\"M117.8,25.4C118,39,107,50.2,93.4,50.3c-0.2,0-0.4,0-0.7,0c-13.8,0.1-25.1-11.1-25.1-24.9c0,0,0-0.1,0-0.1 C67.6,11.5,78.8,0.2,92.6,0c13.8-0.1,25.1,11,25.2,24.8C117.8,25,117.8,25.2,117.8,25.4\"><\/path> <path class=\"st1\" d=\"M149.1,102c-1.6,13-3,25.5-4.6,38c-3.9,31.2-7.8,62.4-11.7,93.6c-0.3,2.7-0.4,5.9-4.1,5.5 c-4-0.5-3.3-3.8-2.9-6.7c4.6-36.9,9.2-73.9,13.7-110.9c0.5-4.3,1.6-8.6,1.6-12.9C141.1,103.3,143.7,101.8,149.1,102\"><\/path> <path class=\"st1\" d=\"M153.1,69.5l-6.8-1.6c0.4-3,0.4-6.1,1.3-9c0.3-1.2,2.6-2.9,3.4-2.6c1.4,0.4,3.1,2.2,3.2,3.5 C154.3,62.8,153.5,66,153.1,69.5\"><\/path> <\/g> <\/g> <\/svg>\t\t\t<\/div>\n\t\t<\/div>\n\t\t\t\t\t\t<\/div>\n\t\t\t\t<\/div>\n\t\t\t\t<div class=\"elementor-element elementor-element-d8bafc1 banner-title elementor-widget__width-initial elementor-widget elementor-widget-heading\" data-id=\"d8bafc1\" data-element_type=\"widget\" data-widget_type=\"heading.default\">\n\t\t\t\t<div class=\"elementor-widget-container\">\n\t\t\t\t\t<h1 class=\"elementor-heading-title elementor-size-default\"> Hiking in the Laurentians: 8 trails to discover<\/h1>\t\t\t\t<\/div>\n\t\t\t\t<\/div>\n\t\t\t\t<\/div>\n\t\t<div class=\"elementor-element elementor-element-6c827a1 e-flex e-con-boxed e-con e-parent\" data-id=\"6c827a1\" data-element_type=\"container\">\n\t\t\t\t\t<div class=\"e-con-inner\">\n\t\t\t\t<div class=\"elementor-element elementor-element-85f457e elementor-view-default elementor-widget elementor-widget-icon\" data-id=\"85f457e\" data-element_type=\"widget\" data-widget_type=\"icon.default\">\n\t\t\t\t<div class=\"elementor-widget-container\">\n\t\t\t\t\t\t\t<div class=\"elementor-icon-wrapper\">\n\t\t\t<div class=\"elementor-icon\">\n\t\t\t<svg xmlns=\"http:\/\/www.w3.org\/2000\/svg\" xmlns:xlink=\"http:\/\/www.w3.org\/1999\/xlink\" id=\"Layer_1\" data-name=\"Layer 1\" viewBox=\"0 0 33.87 34.84\"><defs><style>.cls-1{fill:none;}.cls-2{clip-path:url(#clip-path);}.cls-3{fill:#004e38;}<\/style><clipPath id=\"clip-path\" transform=\"translate(0 0)\"><rect class=\"cls-1\" width=\"33.87\" height=\"34.84\"><\/rect><\/clipPath><\/defs><g class=\"cls-2\"><path class=\"cls-3\" d=\"M6.33,5.24l1-1.69a15.74,15.74,0,0,1,.48,1.79,10.66,10.66,0,0,0,.34,2c.58-1.45,1.34-2.84.66-4.44A7.87,7.87,0,0,1,8.16,1c-.05-.29.26-.63.4-.95.27.19.67.32.77.57.32.76.52,1.57.81,2.51a9,9,0,0,1,1.4-1,4.46,4.46,0,0,1,1.23-.21,6.46,6.46,0,0,1-.54,1.23,2.41,2.41,0,0,1-.85.65c-1.09.59-1.33,1.58-1.44,2.83a19.75,19.75,0,0,1,1.87-.91c.25-.08.6.13.91.2a3.79,3.79,0,0,1-.41.74,1.14,1.14,0,0,1-.52.28,4,4,0,0,0-2.93,3.84,2.12,2.12,0,0,0,.56,1.76c1.82,2.16,4.37,2.38,6.85,2.49,3.46.16,6.93.06,10.4,0a9.51,9.51,0,0,1,6.12,1.58,3.33,3.33,0,0,1,.64.54c.55.66.71,1.21-.29,1.28-.2,1.43-.41,2.8-.57,4.18a1.88,1.88,0,0,0,.14,1c1.38,2.7,1,5.48.45,8.27-.19.94-.33,1.88-.5,2.9h-1.6c.2-2.08.44-4.09.58-6.11a2,2,0,0,0-.44-1.33C30,26.13,28.8,25,27.56,23.86a1.31,1.31,0,0,0-.92-.26c-2.68.4-5.35.83-8.32,1.3v9.89H16.65c-.16-2.43-.35-4.81-.44-7.19A4.7,4.7,0,0,0,14.66,24c-2.38-2.19-4.62-4.53-6.87-6.86a2,2,0,0,0-2-.69c-.66.14-1.35.19-2,.35a1.87,1.87,0,0,1-2.36-1.05c1.68-1.3,3.36-2.68,5.12-3.94.85-.61,1.34-2.77.71-3.64-.93-1.28-1.83-2.6-2.66-4-.17-.27,0-.76.05-1.15a3.76,3.76,0,0,1,.92.69,11.3,11.3,0,0,1,.76,1.44\" transform=\"translate(0 0)\"><\/path><path class=\"cls-3\" d=\"M12.46,23.73c.73.76,1.35,1.37,1.92,2,.19.22.4.6.33.83-.86,2.71-.42,5.41.08,8.13-1.1.31-1.54.08-1.82-1.1-.6-2.53-1.09-5-.41-7.61a8.39,8.39,0,0,0-.1-2.28\" transform=\"translate(0 0)\"><\/path><path class=\"cls-3\" d=\"M25,25.45a2.13,2.13,0,0,1,2.64.3,3.72,3.72,0,0,1,1.55,4.47,34.24,34.24,0,0,0-.73,4.55h-1.6c.16-1.69.18-3.33.49-4.92a2.88,2.88,0,0,0-1.15-3.31A12.88,12.88,0,0,1,25,25.45\" transform=\"translate(0 0)\"><\/path><path class=\"cls-3\" d=\"M2.88,9.05a3.52,3.52,0,0,1-.48-.92,2.94,2.94,0,0,1,.1-1c.29.14.66.2.85.42s.45.84.73,1.22c.46.6,1,1.15,1.56,1.81a1.31,1.31,0,0,1-1.75.27C2.78,10.27,1.63,9.74.55,9.09.27,8.92.18,8.44,0,8.1a3.81,3.81,0,0,1,1.23.15,10,10,0,0,1,1.48,1l.17-.18\" transform=\"translate(0 0)\"><\/path><\/g><\/svg>\t\t\t<\/div>\n\t\t<\/div>\n\t\t\t\t\t\t<\/div>\n\t\t\t\t<\/div>\n\t\t\t\t<div class=\"elementor-element elementor-element-0710c7e elementor-widget elementor-widget-text-editor\" data-id=\"0710c7e\" data-element_type=\"widget\" data-widget_type=\"text-editor.default\">\n\t\t\t\t<div class=\"elementor-widget-container\">\n\t\t\t\t\t\t\t\t\t<p>\u00c0 seulement une heure de Montr\u00e9al, le Parc r\u00e9gional Sainte-Agathe-des-Monts se pr\u00e9sente comme une destination de randonn\u00e9e de choix dans les Laurentides. Ce n\u2019est pas pour rien que la r\u00e9gion se vit au grand air : elle regorge d\u2019options \u00e0 la fois accessibles et vari\u00e9es pour plaire aux petits et grands, aux sportifs amateurs comme aux plus aguerris.<br \/><br \/>On vous am\u00e8ne \u00e0 la d\u00e9couverte des meilleurs sentiers de randonn\u00e9e des Laurentides, et ce, selon le niveau des randonneurs, l\u2019exp\u00e9rience recherch\u00e9e et la saison.<\/p>\t\t\t\t\t\t\t\t<\/div>\n\t\t\t\t<\/div>\n\t\t\t\t<div class=\"elementor-element elementor-element-9b41378 e-transform elementor-invisible elementor-widget elementor-widget-image\" data-id=\"9b41378\" data-element_type=\"widget\" data-settings=\"{&quot;_transform_rotateZ_effect&quot;:{&quot;unit&quot;:&quot;px&quot;,&quot;size&quot;:-90,&quot;sizes&quot;:[]},&quot;_animation&quot;:&quot;fadeInDown&quot;,&quot;_transform_rotateZ_effect_widescreen&quot;:{&quot;unit&quot;:&quot;deg&quot;,&quot;size&quot;:&quot;&quot;,&quot;sizes&quot;:[]},&quot;_transform_rotateZ_effect_laptop&quot;:{&quot;unit&quot;:&quot;deg&quot;,&quot;size&quot;:&quot;&quot;,&quot;sizes&quot;:[]},&quot;_transform_rotateZ_effect_tablet_extra&quot;:{&quot;unit&quot;:&quot;deg&quot;,&quot;size&quot;:&quot;&quot;,&quot;sizes&quot;:[]},&quot;_transform_rotateZ_effect_tablet&quot;:{&quot;unit&quot;:&quot;deg&quot;,&quot;size&quot;:&quot;&quot;,&quot;sizes&quot;:[]},&quot;_transform_rotateZ_effect_mobile_extra&quot;:{&quot;unit&quot;:&quot;deg&quot;,&quot;size&quot;:&quot;&quot;,&quot;sizes&quot;:[]},&quot;_transform_rotateZ_effect_mobile&quot;:{&quot;unit&quot;:&quot;deg&quot;,&quot;size&quot;:&quot;&quot;,&quot;sizes&quot;:[]}}\" data-widget_type=\"image.default\">\n\t\t\t\t<div class=\"elementor-widget-container\">\n\t\t\t\t\t\t\t\t\t\t\t\t\t\t\t<img decoding=\"async\" width=\"216\" height=\"39\" src=\"https:\/\/parcregionalsadm.com\/wp-content\/uploads\/2025\/05\/arrow_leftt.svg\" class=\"attachment-large size-large wp-image-842\" alt=\"\" title=\"\">\t\t\t\t\t\t\t\t\t\t\t\t\t\t\t<\/div>\n\t\t\t\t<\/div>\n\t\t\t\t\t<\/div>\n\t\t\t\t<\/div>\n\t\t<div class=\"elementor-element elementor-element-320f04a e-con-full e-flex e-con e-parent\" data-id=\"320f04a\" data-element_type=\"container\">\n\t\t<div class=\"elementor-element elementor-element-b7c2402 e-con-full e-flex e-con e-child\" data-id=\"b7c2402\" data-element_type=\"container\" data-settings=\"{&quot;background_background&quot;:&quot;classic&quot;}\">\n\t\t<div class=\"elementor-element elementor-element-c07fb0c e-con-full e-flex e-con e-child\" data-id=\"c07fb0c\" data-element_type=\"container\" data-settings=\"{&quot;background_background&quot;:&quot;classic&quot;}\">\n\t\t\t\t<div class=\"elementor-element elementor-element-f8b5963 elementor-widget elementor-widget-heading\" data-id=\"f8b5963\" data-element_type=\"widget\" data-widget_type=\"heading.default\">\n\t\t\t\t<div class=\"elementor-widget-container\">\n\t\t\t\t\t<h2 class=\"elementor-heading-title elementor-size-default\">Comment choisir un sentier&nbsp;adapt\u00e9?<\/h2>\t\t\t\t<\/div>\n\t\t\t\t<\/div>\n\t\t\t\t<div class=\"elementor-element elementor-element-d38146f elementor-widget elementor-widget-text-editor\" data-id=\"d38146f\" data-element_type=\"widget\" data-widget_type=\"text-editor.default\">\n\t\t\t\t<div class=\"elementor-widget-container\">\n\t\t\t\t\t\t\t\t\t<p>Avant de partir \u00e0 l\u2019aventure, portez attention \u00e0 quelques \u00e9l\u00e9ments cl\u00e9s de la randonn\u00e9e pour vous assurer une exp\u00e9rience des plus agr\u00e9ables. Parce que le voyage est parfois aussi important que la destination!<\/p><p>Commencez par \u00e9valuer vos capacit\u00e9s et celles de ceux qui vous accompagnent. \u00cates-vous plut\u00f4t balade contemplative en nature ou \u00e0 la recherche d\u2019un d\u00e9fi sportif? De jeunes enfants seront de l&#8217;aventure? Selon ce que vous aurez r\u00e9pondu, vous pourriez pr\u00e9f\u00e9rer de courtes ou grandes distances, des d\u00e9nivel\u00e9s faibles ou des pentes prononc\u00e9es, des sorties plus ou moins longues, etc.<\/p><p>Gardez aussi en t\u00eate que deux sentiers de m\u00eame longueur peuvent offrir des exp\u00e9riences tr\u00e8s diff\u00e9rentes : 3 km sur un terrain plat ne requiert ni le m\u00eame temps ni le m\u00eame effort que la m\u00eame distance sur un terrain accident\u00e9. <br \/><br \/>Enfin, pensez aux petits plus qui font toute la diff\u00e9rence. Un sentier peut mener vers un point de vue grandiose l\u00e0 o\u00f9 un autre est plus propice \u00e0 rencontrer la faune.<\/p>\t\t\t\t\t\t\t\t<\/div>\n\t\t\t\t<\/div>\n\t\t\t\t<\/div>\n\t\t\t\t<\/div>\n\t\t<div class=\"elementor-element elementor-element-fbb66cf e-con-full e-flex e-con e-child\" data-id=\"fbb66cf\" data-element_type=\"container\">\n\t\t<div class=\"elementor-element elementor-element-a9e56b5 e-con-full e-flex e-con e-child\" data-id=\"a9e56b5\" data-element_type=\"container\">\n\t\t\t\t<div class=\"elementor-element elementor-element-20a7815 elementor-widget elementor-widget-image\" data-id=\"20a7815\" data-element_type=\"widget\" data-widget_type=\"image.default\">\n\t\t\t\t<div class=\"elementor-widget-container\">\n\t\t\t\t\t\t\t\t\t\t\t\t\t\t\t<img decoding=\"async\" width=\"1920\" height=\"1280\" src=\"https:\/\/parcregionalsadm.com\/wp-content\/uploads\/2026\/09\/PRSA_JUILLET2026_MJBERGERON_3E9A9113.jpg\" class=\"attachment-full size-full wp-image-7521\" alt=\"\" srcset=\"https:\/\/parcregionalsadm.com\/wp-content\/uploads\/2026\/09\/PRSA_JUILLET2026_MJBERGERON_3E9A9113.jpg 1920w, https:\/\/parcregionalsadm.com\/wp-content\/uploads\/2026\/09\/PRSA_JUILLET2026_MJBERGERON_3E9A9113-300x200.jpg 300w, https:\/\/parcregionalsadm.com\/wp-content\/uploads\/2026\/09\/PRSA_JUILLET2026_MJBERGERON_3E9A9113-1024x683.jpg 1024w, https:\/\/parcregionalsadm.com\/wp-content\/uploads\/2026\/09\/PRSA_JUILLET2026_MJBERGERON_3E9A9113-768x512.jpg 768w, https:\/\/parcregionalsadm.com\/wp-content\/uploads\/2026\/09\/PRSA_JUILLET2026_MJBERGERON_3E9A9113-1536x1024.jpg 1536w\" sizes=\"(max-width: 1920px) 100vw, 1920px\" title=\"\">\t\t\t\t\t\t\t\t\t\t\t\t\t\t\t<\/div>\n\t\t\t\t<\/div>\n\t\t\t\t<\/div>\n\t\t\t\t<\/div>\n\t\t\t\t<\/div>\n\t\t<div class=\"elementor-element elementor-element-8631af8 e-con-full e-flex e-con e-parent\" data-id=\"8631af8\" data-element_type=\"container\">\n\t\t<div class=\"elementor-element elementor-element-8ff69bd e-con-full e-flex e-con e-child\" data-id=\"8ff69bd\" data-element_type=\"container\" data-settings=\"{&quot;background_background&quot;:&quot;classic&quot;}\">\n\t\t<div class=\"elementor-element elementor-element-c85b8b2 e-con-full e-flex e-con e-child\" data-id=\"c85b8b2\" data-element_type=\"container\">\n\t\t\t\t<div class=\"elementor-element elementor-element-ca2d4c9 elementor-widget elementor-widget-image\" data-id=\"ca2d4c9\" data-element_type=\"widget\" data-widget_type=\"image.default\">\n\t\t\t\t<div class=\"elementor-widget-container\">\n\t\t\t\t\t\t\t\t\t\t\t\t\t\t\t<img decoding=\"async\" width=\"1200\" height=\"1800\" src=\"https:\/\/parcregionalsadm.com\/wp-content\/uploads\/2026\/09\/vue-au-lac.jpg\" class=\"attachment-full size-full wp-image-7528\" alt=\"\" srcset=\"https:\/\/parcregionalsadm.com\/wp-content\/uploads\/2026\/09\/vue-au-lac.jpg 1200w, https:\/\/parcregionalsadm.com\/wp-content\/uploads\/2026\/09\/vue-au-lac-200x300.jpg 200w, https:\/\/parcregionalsadm.com\/wp-content\/uploads\/2026\/09\/vue-au-lac-683x1024.jpg 683w, https:\/\/parcregionalsadm.com\/wp-content\/uploads\/2026\/09\/vue-au-lac-768x1152.jpg 768w, https:\/\/parcregionalsadm.com\/wp-content\/uploads\/2026\/09\/vue-au-lac-1024x1536.jpg 1024w\" sizes=\"(max-width: 1200px) 100vw, 1200px\" title=\"\">\t\t\t\t\t\t\t\t\t\t\t\t\t\t\t<\/div>\n\t\t\t\t<\/div>\n\t\t\t\t<\/div>\n\t\t\t\t<\/div>\n\t\t<div class=\"elementor-element elementor-element-77a8632 e-con-full e-flex e-con e-child\" data-id=\"77a8632\" data-element_type=\"container\">\n\t\t<div class=\"elementor-element elementor-element-7ee9fc5 e-con-full e-flex e-con e-child\" data-id=\"7ee9fc5\" data-element_type=\"container\" data-settings=\"{&quot;background_background&quot;:&quot;classic&quot;}\">\n\t\t\t\t<div class=\"elementor-element elementor-element-7281d56 elementor-widget elementor-widget-heading\" data-id=\"7281d56\" data-element_type=\"widget\" data-widget_type=\"heading.default\">\n\t\t\t\t<div class=\"elementor-widget-container\">\n\t\t\t\t\t<h2 class=\"elementor-heading-title elementor-size-default\">Le Parc r\u00e9gional Sainte-Agathe-des-Monts&nbsp;: un terrain de jeu pour tous<\/h2>\t\t\t\t<\/div>\n\t\t\t\t<\/div>\n\t\t<div class=\"elementor-element elementor-element-ab444d1 e-con-full e-flex e-con e-child\" data-id=\"ab444d1\" data-element_type=\"container\">\n\t\t<div class=\"elementor-element elementor-element-0cf12ba e-con-full e-flex e-con e-child\" data-id=\"0cf12ba\" data-element_type=\"container\">\n\t\t\t\t<div class=\"elementor-element elementor-element-e87ae7c elementor-widget elementor-widget-text-editor\" data-id=\"e87ae7c\" data-element_type=\"widget\" data-widget_type=\"text-editor.default\">\n\t\t\t\t<div class=\"elementor-widget-container\">\n\t\t\t\t\t\t\t\t\t<p>Ouvert \u00e0 l\u2019ann\u00e9e, le Parc r\u00e9gional Sainte-Agathe-des-Monts est le secret le mieux gard\u00e9 des randonneurs, tous niveaux confondus. Le r\u00e9seau a vu le jour dans les ann\u00e9es 1970 et d\u00e8s lors, il a \u00e9t\u00e9 pens\u00e9 pour faire d\u00e9couvrir la nature laurentienne sous tous les angles. Une r\u00e9serve naturelle, un m\u00e9lange de feuillus et de conif\u00e8res et une riche biodiversit\u00e9 vous attendent dans les quelque 60 km de sentiers qui le composent. Mais ce qui distingue le parc, c\u2019est que la plupart des sentiers sont \u00e0 sens unique, donnant l\u2019impression d\u2019avoir la nature \u00e0 soi, ce qui est plut\u00f4t rare dans la r\u00e9gion.<\/p><p>Bon \u00e0 savoir : L\u2019acc\u00e8s aux sentiers est inclus avec les r\u00e9servations de chalets et de pods, ainsi que les s\u00e9jours en camping. Les citoyens de Sainte-Agathe-des-Monts b\u00e9n\u00e9ficient \u00e9galement d\u2019un acc\u00e8s gratuit, sur pr\u00e9sentation de leur carte agathoise. Pour les randonneurs ne r\u00e9sidant pas \u00e0 Sainte-Agathe-des-Monts, des passes de saison et des passes journali\u00e8res sont \u00e9galement disponibles \u00e0 un prix tr\u00e8s abordable.<\/p>\t\t\t\t\t\t\t\t<\/div>\n\t\t\t\t<\/div>\n\t\t\t\t<\/div>\n\t\t\t\t<\/div>\n\t\t\t\t<\/div>\n\t\t\t\t<\/div>\n\t\t\t\t<\/div>\n\t\t<div class=\"elementor-element elementor-element-08f3af8 e-con-full e-flex e-con e-parent\" data-id=\"08f3af8\" data-element_type=\"container\">\n\t\t<div class=\"elementor-element elementor-element-0087c8a e-con-full e-flex e-con e-child\" data-id=\"0087c8a\" data-element_type=\"container\" data-settings=\"{&quot;background_background&quot;:&quot;classic&quot;}\">\n\t\t<div class=\"elementor-element elementor-element-359a097 e-con-full e-flex e-con e-child\" data-id=\"359a097\" data-element_type=\"container\" data-settings=\"{&quot;background_background&quot;:&quot;classic&quot;}\">\n\t\t\t\t<div class=\"elementor-element elementor-element-8b06a64 elementor-widget elementor-widget-heading\" data-id=\"8b06a64\" data-element_type=\"widget\" data-widget_type=\"heading.default\">\n\t\t\t\t<div class=\"elementor-widget-container\">\n\t\t\t\t\t<h2 class=\"elementor-heading-title elementor-size-default\">Quel sentier choisir?<\/h2>\t\t\t\t<\/div>\n\t\t\t\t<\/div>\n\t\t\t\t<div class=\"elementor-element elementor-element-004d38e elementor-widget elementor-widget-n-accordion\" data-id=\"004d38e\" data-element_type=\"widget\" data-settings=\"{&quot;default_state&quot;:&quot;all_collapsed&quot;,&quot;max_items_expended&quot;:&quot;one&quot;,&quot;n_accordion_animation_duration&quot;:{&quot;unit&quot;:&quot;ms&quot;,&quot;size&quot;:400,&quot;sizes&quot;:[]}}\" data-widget_type=\"nested-accordion.default\">\n\t\t\t\t<div class=\"elementor-widget-container\">\n\t\t\t\t\t\t\t<div class=\"e-n-accordion\" aria-label=\"Accordion. Open links with Enter or Space, close with Escape, and navigate with Arrow Keys\">\n\t\t\t\t\t\t<details id=\"e-n-accordion-item-3160\" class=\"e-n-accordion-item\" >\n\t\t\t\t<summary class=\"e-n-accordion-item-title\" data-accordion-index=\"1\" tabindex=\"0\" aria-expanded=\"false\" aria-controls=\"e-n-accordion-item-3160\" >\n\t\t\t\t\t<span class='e-n-accordion-item-title-header'><div class=\"e-n-accordion-item-title-text\"> Pour une sortie en famille (accessible aux poussettes) <\/div><\/span>\n\t\t\t\t\t\t\t<span class='e-n-accordion-item-title-icon'>\n\t\t\t<span class='e-opened' ><svg aria-hidden=\"true\" class=\"e-font-icon-svg e-fas-minus\" viewBox=\"0 0 448 512\" xmlns=\"http:\/\/www.w3.org\/2000\/svg\"><path d=\"M416 208H32c-17.67 0-32 14.33-32 32v32c0 17.67 14.33 32 32 32h384c17.67 0 32-14.33 32-32v-32c0-17.67-14.33-32-32-32z\"><\/path><\/svg><\/span>\n\t\t\t<span class='e-closed'><svg aria-hidden=\"true\" class=\"e-font-icon-svg e-fas-plus\" viewBox=\"0 0 448 512\" xmlns=\"http:\/\/www.w3.org\/2000\/svg\"><path d=\"M416 208H272V64c0-17.67-14.33-32-32-32h-32c-17.67 0-32 14.33-32 32v144H32c-17.67 0-32 14.33-32 32v32c0 17.67 14.33 32 32 32h144v144c0 17.67 14.33 32 32 32h32c17.67 0 32-14.33 32-32V304h144c17.67 0 32-14.33 32-32v-32c0-17.67-14.33-32-32-32z\"><\/path><\/svg><\/span>\n\t\t<\/span>\n\n\t\t\t\t\t\t<\/summary>\n\t\t\t\t<div role=\"region\" aria-labelledby=\"e-n-accordion-item-3160\" class=\"elementor-element elementor-element-41122c7 e-con-full e-flex e-con e-child\" data-id=\"41122c7\" data-element_type=\"container\">\n\t\t\t\t<div class=\"elementor-element elementor-element-aaf2e31 elementor-widget elementor-widget-text-editor\" data-id=\"aaf2e31\" data-element_type=\"widget\" data-widget_type=\"text-editor.default\">\n\t\t\t\t<div class=\"elementor-widget-container\">\n\t\t\t\t\t\t\t\t\t<ul><li>Verri\u00e8re (0,4 km) : Id\u00e9al pour une premi\u00e8re sortie sur une courte distance, il part de l\u2019accueil 2 pour se diriger vers le Petit lac des Sables, face \u00e0 l\u2019usine de filtration d\u2019eau. L&#8217;une des fa\u00e7ades du b\u00e2timent est en r\u00e9alit\u00e9 un vitrail, dont les couleurs se refl\u00e8tent sur l\u2019eau, proposant un spectacle magique pour les yeux, en particulier au coucher de soleil.<br \/><br \/><\/li><li>Vanier (5,2 km) : Axe central du r\u00e9seau et parmi les sentiers les plus populaires, toutes saisons confondues, il forme une boucle autour du Petit lac des Sables et donne acc\u00e8s \u00e0 plusieurs autres sentiers du r\u00e9seau. Ouvrez l\u2019\u0153il : une chouette y habite et peut y \u00eatre facilement aper\u00e7ue.<\/li><\/ul>\t\t\t\t\t\t\t\t<\/div>\n\t\t\t\t<\/div>\n\t\t\t\t<\/div>\n\t\t\t\t\t<\/details>\n\t\t\t\t\t\t<details id=\"e-n-accordion-item-3161\" class=\"e-n-accordion-item\" >\n\t\t\t\t<summary class=\"e-n-accordion-item-title\" data-accordion-index=\"2\" tabindex=\"-1\" aria-expanded=\"false\" aria-controls=\"e-n-accordion-item-3161\" >\n\t\t\t\t\t<span class='e-n-accordion-item-title-header'><div class=\"e-n-accordion-item-title-text\"> Pour s'\u00e9merveiller <\/div><\/span>\n\t\t\t\t\t\t\t<span class='e-n-accordion-item-title-icon'>\n\t\t\t<span class='e-opened' ><svg aria-hidden=\"true\" class=\"e-font-icon-svg e-fas-minus\" viewBox=\"0 0 448 512\" xmlns=\"http:\/\/www.w3.org\/2000\/svg\"><path d=\"M416 208H32c-17.67 0-32 14.33-32 32v32c0 17.67 14.33 32 32 32h384c17.67 0 32-14.33 32-32v-32c0-17.67-14.33-32-32-32z\"><\/path><\/svg><\/span>\n\t\t\t<span class='e-closed'><svg aria-hidden=\"true\" class=\"e-font-icon-svg e-fas-plus\" viewBox=\"0 0 448 512\" xmlns=\"http:\/\/www.w3.org\/2000\/svg\"><path d=\"M416 208H272V64c0-17.67-14.33-32-32-32h-32c-17.67 0-32 14.33-32 32v144H32c-17.67 0-32 14.33-32 32v32c0 17.67 14.33 32 32 32h144v144c0 17.67 14.33 32 32 32h32c17.67 0 32-14.33 32-32V304h144c17.67 0 32-14.33 32-32v-32c0-17.67-14.33-32-32-32z\"><\/path><\/svg><\/span>\n\t\t<\/span>\n\n\t\t\t\t\t\t<\/summary>\n\t\t\t\t<div role=\"region\" aria-labelledby=\"e-n-accordion-item-3161\" class=\"elementor-element elementor-element-cafada4 e-con-full e-flex e-con e-child\" data-id=\"cafada4\" data-element_type=\"container\">\n\t\t\t\t<div class=\"elementor-element elementor-element-3691b45 elementor-widget elementor-widget-text-editor\" data-id=\"3691b45\" data-element_type=\"widget\" data-widget_type=\"text-editor.default\">\n\t\t\t\t<div class=\"elementor-widget-container\">\n\t\t\t\t\t\t\t\t\t<ul><li>Stonehaven (4,2 km) : \u00c9galement tr\u00e8s populaire pour son accessibilit\u00e9 aux d\u00e9butants, il offre une vue magnifique sur le grand Lac des Sables et donne acc\u00e8s \u00e0 un point d&#8217;observation via la jonction R11-R12. Il est toutefois d\u00e9conseill\u00e9 par temps pluvieux, car le cap de roche devient rapidement boueux et glissant.<br \/><br \/><\/li><li>Paquette (1,3 km) : Plus difficile que le Stonehaven, il relie le Refuge Desjardins au sommet du Mont-Sainte-Agathe, un ancien mont de ski alpin, dont on peut encore voir les vestiges. Au belv\u00e9d\u00e8re, profitez d\u2019un panorama exceptionnel sur la r\u00e9gion. C\u2019est un sentier \u00e0 privil\u00e9gier pour admirer les couleurs d\u2019automne.<br \/><br \/><\/li><li>Grignon (4,8 km) : C\u2019est le niveau interm\u00e9diaire du sentier Vanier; il contourne \u00e9galement le Petit lac des Sables, en plus de mener au Refuge Desjardins. En hiver, vous pourriez \u00eatre surpris de remarquer des \u00ab toboggans \u00bb dans la neige. Avec un peu de chance, vous pourriez y voir les loutres qui les ont construits pour glisser jusque sur le lac, surtout si vous y \u00eates tr\u00e8s t\u00f4t le matin ou en soir\u00e9e.<br \/><br \/><\/li><li>R11 (1,5 km) : Nos sentiers de raquettes sont tous tr\u00e8s appr\u00e9ci\u00e9s \u00e0 l\u2019ann\u00e9e, notamment parce qu\u2019ils sont bord\u00e9s de feuillus matures qui font office de parapluies naturels en cas de pluie. Mais la R11 se d\u00e9marque : on y retrouve un amphith\u00e9\u00e2tre naturel, cr\u00e9\u00e9 par les p\u00e8res Oblats, \u00e0 qui appartenaient les terres avant d\u2019\u00eatre transform\u00e9es en sentiers.<\/li><\/ul>\t\t\t\t\t\t\t\t<\/div>\n\t\t\t\t<\/div>\n\t\t\t\t<\/div>\n\t\t\t\t\t<\/details>\n\t\t\t\t\t\t<details id=\"e-n-accordion-item-3162\" class=\"e-n-accordion-item\" >\n\t\t\t\t<summary class=\"e-n-accordion-item-title\" data-accordion-index=\"3\" tabindex=\"-1\" aria-expanded=\"false\" aria-controls=\"e-n-accordion-item-3162\" >\n\t\t\t\t\t<span class='e-n-accordion-item-title-header'><div class=\"e-n-accordion-item-title-text\"> Pour un d\u00e9fi plus sportif <\/div><\/span>\n\t\t\t\t\t\t\t<span class='e-n-accordion-item-title-icon'>\n\t\t\t<span class='e-opened' ><svg aria-hidden=\"true\" class=\"e-font-icon-svg e-fas-minus\" viewBox=\"0 0 448 512\" xmlns=\"http:\/\/www.w3.org\/2000\/svg\"><path d=\"M416 208H32c-17.67 0-32 14.33-32 32v32c0 17.67 14.33 32 32 32h384c17.67 0 32-14.33 32-32v-32c0-17.67-14.33-32-32-32z\"><\/path><\/svg><\/span>\n\t\t\t<span class='e-closed'><svg aria-hidden=\"true\" class=\"e-font-icon-svg e-fas-plus\" viewBox=\"0 0 448 512\" xmlns=\"http:\/\/www.w3.org\/2000\/svg\"><path d=\"M416 208H272V64c0-17.67-14.33-32-32-32h-32c-17.67 0-32 14.33-32 32v144H32c-17.67 0-32 14.33-32 32v32c0 17.67 14.33 32 32 32h144v144c0 17.67 14.33 32 32 32h32c17.67 0 32-14.33 32-32V304h144c17.67 0 32-14.33 32-32v-32c0-17.67-14.33-32-32-32z\"><\/path><\/svg><\/span>\n\t\t<\/span>\n\n\t\t\t\t\t\t<\/summary>\n\t\t\t\t<div role=\"region\" aria-labelledby=\"e-n-accordion-item-3162\" class=\"elementor-element elementor-element-ca4f377 e-con-full e-flex e-con e-child\" data-id=\"ca4f377\" data-element_type=\"container\">\n\t\t\t\t<div class=\"elementor-element elementor-element-ccb1641 elementor-widget elementor-widget-text-editor\" data-id=\"ccb1641\" data-element_type=\"widget\" data-widget_type=\"text-editor.default\">\n\t\t\t\t<div class=\"elementor-widget-container\">\n\t\t\t\t\t\t\t\t\t<ul><li>Gohier (3,1 km) : \u00c0 partir du Refuge Desjardins, il propose une immersion progressive dans la for\u00eat laurentienne, en plus de mener vers une intersection avec le sentier Paquette, de sorte \u00e0 rejoindre le belv\u00e9d\u00e8re du Mont-Sainte-Agathe.<br \/><br \/><\/li><li>Cohen (2,3 km) : \u00c9tant le sentier le plus \u00e9loign\u00e9 de l\u2019accueil, il propose aussi une exp\u00e9rience plus sauvage et convient aux plus aventuriers.<\/li><\/ul>\t\t\t\t\t\t\t\t<\/div>\n\t\t\t\t<\/div>\n\t\t\t\t<\/div>\n\t\t\t\t\t<\/details>\n\t\t\t\t\t<\/div>\n\t\t\t\t\t\t<\/div>\n\t\t\t\t<\/div>\n\t\t\t\t<div class=\"elementor-element elementor-element-96691e3 elementor-widget elementor-widget-text-editor\" data-id=\"96691e3\" data-element_type=\"widget\" data-widget_type=\"text-editor.default\">\n\t\t\t\t<div class=\"elementor-widget-container\">\n\t\t\t\t\t\t\t\t\t<p>Prolongez le plaisir et personnalisez votre exp\u00e9rience en combinant plusieurs sentiers lors d\u2019une m\u00eame randonn\u00e9e.<\/p>\t\t\t\t\t\t\t\t<\/div>\n\t\t\t\t<\/div>\n\t\t\t\t<\/div>\n\t\t\t\t<\/div>\n\t\t<div class=\"elementor-element elementor-element-c367100 e-con-full e-flex e-con e-child\" data-id=\"c367100\" data-element_type=\"container\">\n\t\t<div class=\"elementor-element elementor-element-8c4908d e-con-full e-flex e-con e-child\" data-id=\"8c4908d\" data-element_type=\"container\" data-settings=\"{&quot;background_background&quot;:&quot;classic&quot;}\">\n\t\t\t\t<div class=\"elementor-element elementor-element-cd7b129 elementor-widget elementor-widget-image\" data-id=\"cd7b129\" data-element_type=\"widget\" data-widget_type=\"image.default\">\n\t\t\t\t<div class=\"elementor-widget-container\">\n\t\t\t\t\t\t\t\t\t\t\t\t\t\t\t\t<a href=\"https:\/\/parcregionalsadm.com\/wp-content\/uploads\/2026\/09\/Carte-des-sentiers-pedestres-2026-recadrer.jpg\" data-elementor-open-lightbox=\"yes\" data-elementor-lightbox-title=\"Carte-des-sentiers-pedestres-2026-recadrer\" data-e-action-hash=\"#elementor-action%3Aaction%3Dlightbox%26settings%3DeyJpZCI6NzUxMSwidXJsIjoiaHR0cHM6XC9cL3BhcmNyZWdpb25hbHNhZG0uY29tXC93cC1jb250ZW50XC91cGxvYWRzXC8yMDI2XC8wOVwvQ2FydGUtZGVzLXNlbnRpZXJzLXBlZGVzdHJlcy0yMDI2LXJlY2FkcmVyLmpwZyJ9\">\n\t\t\t\t\t\t\t<img decoding=\"async\" width=\"1920\" height=\"1294\" src=\"https:\/\/parcregionalsadm.com\/wp-content\/uploads\/2026\/09\/Carte-des-sentiers-pedestres-2026-recadrer.jpg\" class=\"attachment-full size-full wp-image-7511\" alt=\"\" srcset=\"https:\/\/parcregionalsadm.com\/wp-content\/uploads\/2026\/09\/Carte-des-sentiers-pedestres-2026-recadrer.jpg 1920w, https:\/\/parcregionalsadm.com\/wp-content\/uploads\/2026\/09\/Carte-des-sentiers-pedestres-2026-recadrer-300x202.jpg 300w, https:\/\/parcregionalsadm.com\/wp-content\/uploads\/2026\/09\/Carte-des-sentiers-pedestres-2026-recadrer-1024x690.jpg 1024w, https:\/\/parcregionalsadm.com\/wp-content\/uploads\/2026\/09\/Carte-des-sentiers-pedestres-2026-recadrer-768x518.jpg 768w, https:\/\/parcregionalsadm.com\/wp-content\/uploads\/2026\/09\/Carte-des-sentiers-pedestres-2026-recadrer-1536x1035.jpg 1536w\" sizes=\"(max-width: 1920px) 100vw, 1920px\" title=\"\">\t\t\t\t\t\t\t\t<\/a>\n\t\t\t\t\t\t\t\t\t\t\t\t\t\t\t<\/div>\n\t\t\t\t<\/div>\n\t\t\t\t<\/div>\n\t\t\t\t<\/div>\n\t\t\t\t<\/div>\n\t\t<div class=\"elementor-element elementor-element-570adb2 e-con-full e-flex e-con e-parent\" data-id=\"570adb2\" data-element_type=\"container\">\n\t\t<div class=\"elementor-element elementor-element-e9b9c65 e-con-full e-flex e-con e-child\" data-id=\"e9b9c65\" data-element_type=\"container\" data-settings=\"{&quot;background_background&quot;:&quot;classic&quot;}\">\n\t\t<div class=\"elementor-element elementor-element-45f5b14 e-con-full e-flex e-con e-child\" data-id=\"45f5b14\" data-element_type=\"container\">\n\t\t\t\t<div class=\"elementor-element elementor-element-ab0f569 elementor-widget elementor-widget-image\" data-id=\"ab0f569\" data-element_type=\"widget\" data-widget_type=\"image.default\">\n\t\t\t\t<div class=\"elementor-widget-container\">\n\t\t\t\t\t\t\t\t\t\t\t\t\t\t\t<img decoding=\"async\" width=\"1920\" height=\"1280\" src=\"https:\/\/parcregionalsadm.com\/wp-content\/uploads\/2026\/09\/PRSA_JUILLET2026_MJBERGERON_3E9A8803.jpg\" class=\"attachment-full size-full wp-image-7519\" alt=\"\" srcset=\"https:\/\/parcregionalsadm.com\/wp-content\/uploads\/2026\/09\/PRSA_JUILLET2026_MJBERGERON_3E9A8803.jpg 1920w, https:\/\/parcregionalsadm.com\/wp-content\/uploads\/2026\/09\/PRSA_JUILLET2026_MJBERGERON_3E9A8803-300x200.jpg 300w, https:\/\/parcregionalsadm.com\/wp-content\/uploads\/2026\/09\/PRSA_JUILLET2026_MJBERGERON_3E9A8803-1024x683.jpg 1024w, https:\/\/parcregionalsadm.com\/wp-content\/uploads\/2026\/09\/PRSA_JUILLET2026_MJBERGERON_3E9A8803-768x512.jpg 768w, https:\/\/parcregionalsadm.com\/wp-content\/uploads\/2026\/09\/PRSA_JUILLET2026_MJBERGERON_3E9A8803-1536x1024.jpg 1536w\" sizes=\"(max-width: 1920px) 100vw, 1920px\" title=\"\">\t\t\t\t\t\t\t\t\t\t\t\t\t\t\t<\/div>\n\t\t\t\t<\/div>\n\t\t\t\t<\/div>\n\t\t\t\t<\/div>\n\t\t<div class=\"elementor-element elementor-element-10d33c8 e-con-full e-flex e-con e-child\" data-id=\"10d33c8\" data-element_type=\"container\">\n\t\t<div class=\"elementor-element elementor-element-1d70ced e-con-full e-flex e-con e-child\" data-id=\"1d70ced\" data-element_type=\"container\" data-settings=\"{&quot;background_background&quot;:&quot;classic&quot;}\">\n\t\t\t\t<div class=\"elementor-element elementor-element-c5456b4 elementor-widget elementor-widget-heading\" data-id=\"c5456b4\" data-element_type=\"widget\" data-widget_type=\"heading.default\">\n\t\t\t\t<div class=\"elementor-widget-container\">\n\t\t\t\t\t<h2 class=\"elementor-heading-title elementor-size-default\">Randonn\u00e9e&nbsp;: une exp\u00e9rience qui change selon la saison<\/h2>\t\t\t\t<\/div>\n\t\t\t\t<\/div>\n\t\t<div class=\"elementor-element elementor-element-17339d4 e-con-full e-flex e-con e-child\" data-id=\"17339d4\" data-element_type=\"container\">\n\t\t<div class=\"elementor-element elementor-element-d96abd2 e-con-full e-flex e-con e-child\" data-id=\"d96abd2\" data-element_type=\"container\">\n\t\t\t\t<div class=\"elementor-element elementor-element-47f0fd1 elementor-widget elementor-widget-text-editor\" data-id=\"47f0fd1\" data-element_type=\"widget\" data-widget_type=\"text-editor.default\">\n\t\t\t\t<div class=\"elementor-widget-container\">\n\t\t\t\t\t\t\t\t\t<p>Selon le moment de l\u2019ann\u00e9e o\u00f9 vous envisagez faire de la randonn\u00e9e, votre sortie pourrait \u00eatre compl\u00e8tement diff\u00e9rente. Et c\u2019est pr\u00e9cis\u00e9ment ce qui donne envie d\u2019y revenir.<\/p><ul><li>Au printemps, les sentiers sont partiellement ferm\u00e9s pour laisser la r\u00e9serve naturelle se r\u00e9g\u00e9n\u00e9rer durant la fonte des neiges. Une fa\u00e7on de pr\u00e9server la biodiversit\u00e9 qui fait la richesse du parc.<br \/><br \/><\/li><li>L\u2019\u00e9t\u00e9, ils sont particuli\u00e8rement appr\u00e9ci\u00e9s en combinaison avec les <span style=\"text-decoration: underline;\"><a href=\"https:\/\/parcregionalsadm.com\/blogue\/guide-kayak-canot-laurentides\/\">activit\u00e9s nautiques<\/a><\/span> ou avant une pause bien m\u00e9rit\u00e9e \u00e0 la plage Major.<br \/><br \/><\/li><li>L\u2019automne, les paysages se transforment et les arbres rev\u00eatent leurs plus belles couleurs; un spectacle \u00e0 ne pas manquer!<br \/><br \/><\/li><li>En hiver, certains sentiers sont reconvertis en pistes de ski de fond ou de raquettes, pour le plus grand bonheur des amateurs de la saison froide. Et m\u00eame si on peut observer la faune en toute saison, l\u2019hiver a quelque chose de particulier : un orignal habite le parc.<br \/><br \/><\/li><\/ul><p>Pour savoir comment planifier votre visite selon la saison, consultez <span style=\"text-decoration: underline;\"><a href=\"https:\/\/parcregionalsadm.com\/blogue\/planifier-sejour-laurentides-saison\/\">notre article sur le\u00a0sujet<\/a>.<\/span><\/p>\t\t\t\t\t\t\t\t<\/div>\n\t\t\t\t<\/div>\n\t\t\t\t<\/div>\n\t\t\t\t<\/div>\n\t\t\t\t<\/div>\n\t\t\t\t<\/div>\n\t\t\t\t<\/div>\n\t\t<div class=\"elementor-element elementor-element-59a4d18 e-con-full elementor-hidden-widescreen elementor-hidden-desktop elementor-hidden-laptop elementor-hidden-tablet_extra elementor-hidden-tablet elementor-hidden-mobile_extra elementor-hidden-mobile e-flex e-con e-parent\" data-id=\"59a4d18\" data-element_type=\"container\">\n\t\t<div class=\"elementor-element elementor-element-1b19556 e-con-full e-flex e-con e-child\" data-id=\"1b19556\" data-element_type=\"container\" data-settings=\"{&quot;background_background&quot;:&quot;classic&quot;}\">\n\t\t<div class=\"elementor-element elementor-element-77b0c81 e-con-full e-flex e-con e-child\" data-id=\"77b0c81\" data-element_type=\"container\">\n\t\t\t\t<div class=\"elementor-element elementor-element-93ec944 elementor-widget elementor-widget-image\" data-id=\"93ec944\" data-element_type=\"widget\" data-widget_type=\"image.default\">\n\t\t\t\t<div class=\"elementor-widget-container\">\n\t\t\t\t\t\t\t\t\t\t\t\t\t\t\t<img decoding=\"async\" width=\"1200\" height=\"1800\" src=\"https:\/\/parcregionalsadm.com\/wp-content\/uploads\/2026\/07\/guide_kayak_2.jpg\" class=\"attachment-full size-full wp-image-7328\" alt=\"\" srcset=\"https:\/\/parcregionalsadm.com\/wp-content\/uploads\/2026\/07\/guide_kayak_2.jpg 1200w, https:\/\/parcregionalsadm.com\/wp-content\/uploads\/2026\/07\/guide_kayak_2-200x300.jpg 200w, https:\/\/parcregionalsadm.com\/wp-content\/uploads\/2026\/07\/guide_kayak_2-683x1024.jpg 683w, https:\/\/parcregionalsadm.com\/wp-content\/uploads\/2026\/07\/guide_kayak_2-768x1152.jpg 768w, https:\/\/parcregionalsadm.com\/wp-content\/uploads\/2026\/07\/guide_kayak_2-1024x1536.jpg 1024w\" sizes=\"(max-width: 1200px) 100vw, 1200px\" title=\"\">\t\t\t\t\t\t\t\t\t\t\t\t\t\t\t<\/div>\n\t\t\t\t<\/div>\n\t\t\t\t<\/div>\n\t\t\t\t<\/div>\n\t\t<div class=\"elementor-element elementor-element-abc5799 e-con-full e-flex e-con e-child\" data-id=\"abc5799\" data-element_type=\"container\">\n\t\t<div class=\"elementor-element elementor-element-7c142d9 e-con-full e-flex e-con e-child\" data-id=\"7c142d9\" data-element_type=\"container\" data-settings=\"{&quot;background_background&quot;:&quot;classic&quot;}\">\n\t\t\t\t<div class=\"elementor-element elementor-element-fe38a0b elementor-widget elementor-widget-heading\" data-id=\"fe38a0b\" data-element_type=\"widget\" data-widget_type=\"heading.default\">\n\t\t\t\t<div class=\"elementor-widget-container\">\n\t\t\t\t\t<h2 class=\"elementor-heading-title elementor-size-default\">Pour s'\u00e9merveiller <\/h2>\t\t\t\t<\/div>\n\t\t\t\t<\/div>\n\t\t<div class=\"elementor-element elementor-element-b2b059b e-con-full e-flex e-con e-child\" data-id=\"b2b059b\" data-element_type=\"container\">\n\t\t<div class=\"elementor-element elementor-element-5862df2 e-con-full e-flex e-con e-child\" data-id=\"5862df2\" data-element_type=\"container\">\n\t\t\t\t<div class=\"elementor-element elementor-element-88f1f4b elementor-widget elementor-widget-text-editor\" data-id=\"88f1f4b\" data-element_type=\"widget\" data-widget_type=\"text-editor.default\">\n\t\t\t\t<div class=\"elementor-widget-container\">\n\t\t\t\t\t\t\t\t\t<ul><li>Stonehaven (4,2 km) : \u00c9galement tr\u00e8s populaire pour son accessibilit\u00e9 aux d\u00e9butants, il offre une vue magnifique sur le grand Lac des Sables et donne acc\u00e8s \u00e0 un point d&#8217;observation via la jonction R11-R12. Il est toutefois d\u00e9conseill\u00e9 par temps pluvieux, car le cap de roche devient rapidement boueux et glissant.<\/li><li>Paquette (1,3 km) : Plus difficile que le Stonehaven, il relie le Refuge Desjardins au sommet du Mont-Sainte-Agathe, un ancien mont de ski alpin, dont on peut encore voir les vestiges. Au belv\u00e9d\u00e8re, profitez d\u2019un panorama exceptionnel sur la r\u00e9gion. C\u2019est un sentier \u00e0 privil\u00e9gier pour admirer les couleurs d\u2019automne.<\/li><li>Grignon (4,8 km) : C\u2019est le niveau interm\u00e9diaire du sentier Vanier; il contourne \u00e9galement le Petit lac des Sables, en plus de mener au Refuge Desjardins. En hiver, vous pourriez \u00eatre surpris de remarquer des \u00ab toboggans \u00bb dans la neige. Avec un peu de chance, vous pourriez y voir les loutres qui les ont construits pour glisser jusque sur le lac, surtout si vous y \u00eates tr\u00e8s t\u00f4t le matin ou en soir\u00e9e.<\/li><li>R11 (1,5 km) : Nos sentiers de raquettes sont tous tr\u00e8s appr\u00e9ci\u00e9s \u00e0 l\u2019ann\u00e9e, notamment parce qu\u2019ils sont bord\u00e9s de feuillus matures qui font office de parapluies naturels en cas de pluie. Mais la R11 se d\u00e9marque : on y retrouve un amphith\u00e9\u00e2tre naturel, cr\u00e9\u00e9 par les p\u00e8res Oblats, \u00e0 qui appartenaient les terres avant d\u2019\u00eatre transform\u00e9es en sentiers.<\/li><\/ul>\t\t\t\t\t\t\t\t<\/div>\n\t\t\t\t<\/div>\n\t\t\t\t<\/div>\n\t\t\t\t<\/div>\n\t\t\t\t<\/div>\n\t\t\t\t<\/div>\n\t\t\t\t<\/div>\n\t\t<div class=\"elementor-element elementor-element-d585fde e-con-full elementor-hidden-widescreen elementor-hidden-desktop elementor-hidden-laptop elementor-hidden-tablet_extra elementor-hidden-tablet elementor-hidden-mobile_extra elementor-hidden-mobile e-flex e-con e-parent\" data-id=\"d585fde\" data-element_type=\"container\">\n\t\t<div class=\"elementor-element elementor-element-f9d25a0 e-con-full e-flex e-con e-child\" data-id=\"f9d25a0\" data-element_type=\"container\" data-settings=\"{&quot;background_background&quot;:&quot;classic&quot;}\">\n\t\t<div class=\"elementor-element elementor-element-183db81 e-con-full e-flex e-con e-child\" data-id=\"183db81\" data-element_type=\"container\" data-settings=\"{&quot;background_background&quot;:&quot;classic&quot;}\">\n\t\t\t\t<div class=\"elementor-element elementor-element-1c49ce0 elementor-widget elementor-widget-heading\" data-id=\"1c49ce0\" data-element_type=\"widget\" data-widget_type=\"heading.default\">\n\t\t\t\t<div class=\"elementor-widget-container\">\n\t\t\t\t\t<h2 class=\"elementor-heading-title elementor-size-default\">Pour un d\u00e9fi plus sportif <\/h2>\t\t\t\t<\/div>\n\t\t\t\t<\/div>\n\t\t\t\t<div class=\"elementor-element elementor-element-fb49955 elementor-widget elementor-widget-text-editor\" data-id=\"fb49955\" data-element_type=\"widget\" data-widget_type=\"text-editor.default\">\n\t\t\t\t<div class=\"elementor-widget-container\">\n\t\t\t\t\t\t\t\t\t<ul><li>Gohier (3,1 km) : \u00c0 partir du Refuge Desjardins, il propose une immersion progressive dans la for\u00eat laurentienne, en plus de mener vers une intersection avec le sentier Paquette, de sorte \u00e0 rejoindre le belv\u00e9d\u00e8re du Mont-Sainte-Agathe.<br \/><br \/><\/li><li>Cohen (2,3 km) : \u00c9tant le sentier le plus \u00e9loign\u00e9 de l\u2019accueil, il propose aussi une exp\u00e9rience plus sauvage et convient aux plus aventuriers.<br \/><br \/><\/li><\/ul><p>Prolongez le plaisir et personnalisez votre exp\u00e9rience en combinant plusieurs sentiers lors d\u2019une m\u00eame randonn\u00e9e.<\/p>\t\t\t\t\t\t\t\t<\/div>\n\t\t\t\t<\/div>\n\t\t\t\t<\/div>\n\t\t\t\t<\/div>\n\t\t<div class=\"elementor-element elementor-element-e0455cb e-con-full e-flex e-con e-child\" data-id=\"e0455cb\" data-element_type=\"container\">\n\t\t<div class=\"elementor-element elementor-element-792918d e-con-full e-flex e-con e-child\" data-id=\"792918d\" data-element_type=\"container\">\n\t\t\t\t<div class=\"elementor-element elementor-element-394d660 elementor-widget elementor-widget-image\" data-id=\"394d660\" data-element_type=\"widget\" data-widget_type=\"image.default\">\n\t\t\t\t<div class=\"elementor-widget-container\">\n\t\t\t\t\t\t\t\t\t\t\t\t\t\t\t<img decoding=\"async\" width=\"1024\" height=\"1536\" src=\"https:\/\/parcregionalsadm.com\/wp-content\/uploads\/2026\/07\/guide_kayak_1.jpg\" class=\"attachment-full size-full wp-image-7330\" alt=\"\" srcset=\"https:\/\/parcregionalsadm.com\/wp-content\/uploads\/2026\/07\/guide_kayak_1.jpg 1024w, https:\/\/parcregionalsadm.com\/wp-content\/uploads\/2026\/07\/guide_kayak_1-200x300.jpg 200w, https:\/\/parcregionalsadm.com\/wp-content\/uploads\/2026\/07\/guide_kayak_1-683x1024.jpg 683w, https:\/\/parcregionalsadm.com\/wp-content\/uploads\/2026\/07\/guide_kayak_1-768x1152.jpg 768w\" sizes=\"(max-width: 1024px) 100vw, 1024px\" title=\"\">\t\t\t\t\t\t\t\t\t\t\t\t\t\t\t<\/div>\n\t\t\t\t<\/div>\n\t\t\t\t<\/div>\n\t\t\t\t<\/div>\n\t\t\t\t<\/div>\n\t\t<div class=\"elementor-element elementor-element-f5d165b e-flex e-con-boxed e-con e-parent\" data-id=\"f5d165b\" data-element_type=\"container\">\n\t\t\t\t\t<div class=\"e-con-inner\">\n\t\t\t\t<div class=\"elementor-element elementor-element-f351e0f elementor-view-default elementor-widget elementor-widget-icon\" data-id=\"f351e0f\" data-element_type=\"widget\" data-widget_type=\"icon.default\">\n\t\t\t\t<div class=\"elementor-widget-container\">\n\t\t\t\t\t\t\t<div class=\"elementor-icon-wrapper\">\n\t\t\t<div class=\"elementor-icon\">\n\t\t\t<svg xmlns=\"http:\/\/www.w3.org\/2000\/svg\" id=\"Layer_1\" viewBox=\"0 0 488.18 372.53\"><path d=\"M110.51,203.82c44.74,44.61,93.79,52.67,148.55,18,26.48,49.98,52.98,99.99,79.85,150.71-7.51,0-14.12,0-20.74,0-38.33,0-76.66.03-114.99-.13-2.12,0-5.15-1.08-6.21-2.69-31.89-48.23-62.39-97.25-83.3-151.52-1.65-4.29-2.88-8.75-4.3-13.13.38-.41.76-.83,1.15-1.24Z\" style=\"fill:#f6a22c;\"><\/path><path d=\"M258.39,203.1c-5.09,2.51-10.12,5-15.5,7.65,1.34,2.17,2.61,4.22,3.88,6.27-21.62,18.72-70.7,21.53-94.67,5.21,2.41-3.68,4.84-7.38,7.51-11.46-6.51-2.56-12.78-5.02-19.87-7.81,11.9-14.47,26.07-26.1,35.07-42.04-8.34-2.5-16.37-4.91-25.06-7.52,5.94-8.17,11.41-15.23,16.36-22.63,4.88-7.31,9.22-14.97,13.96-22.73-7.07-1.62-13.4-3.08-20.66-4.75,12.78-15.93,24.09-31.07,31.34-48.08-4.54-3.81-8.67-7.29-11.87-9.97,8.49-16.06,16.51-31.26,23.9-45.25,7.6,13.32,16.06,28.15,25.02,43.84-3.82,3.05-8.69,6.94-13.98,11.17,5.78,16.9,13.4,33.4,25.19,48.86-3.23.99-5.94,2.03-8.74,2.64-2.91.64-5.91.86-9.53,1.36,6.86,16.53,16.94,30.63,28.42,45.15-7.1,2.75-13.66,5.29-21.64,8.38,10.33,13.95,20.37,27.51,30.87,41.7Z\" style=\"fill:#f6a22c;\"><\/path><path d=\"M443.03,199.6c8.29,11.23,16.34,22.15,24.79,33.59-4.93,2.05-10.35,4.3-16.84,6.99,9.09,11.02,17.91,21.71,27.09,32.84-3.73,1.64-7.63,3.34-12.44,5.45,7.64,8.05,15.09,15.91,22.55,23.77-31.72,25.52-94.19,25.59-127.56.03,7.24-7.73,14.46-15.45,22.13-23.65-4.79-2.08-8.92-3.87-13.15-5.71,9.73-11.08,19.11-21.77,28.71-32.71-6.83-2.57-12.8-4.82-18.63-7.01,9.28-11.53,18.09-22.47,27.07-33.62-6.49-2.43-11.83-4.43-16.65-6.23,8.42-12.02,16.47-23.5,24.82-35.42-5.63-1.9-9.92-3.35-13.5-4.55,8.47-13.3,16.69-26.21,24.52-38.51,6.66,12.1,13.8,25.08,21.2,38.53-2.53.99-6.16,2.41-10.33,4.04,5.11,12.74,11.58,24.7,22.09,35.24-5.2,2.27-9.85,4.3-15.86,6.92Z\" style=\"fill:#f6a22c;\"><\/path><path d=\"M312.01,140.02c8.08,14.17,16.2,28.4,24.79,43.45-4.67,2.51-10.27,5.51-16.85,9.04,8.98,14.03,17.91,27.99,27.13,42.39-3.49,2-7.63,4.37-12.61,7.22,7.99,10.05,15.9,19.98,24.22,30.43-14.5,10.63-31.15,15.78-48.59,19.93-.89-1.48-1.77-2.85-2.56-4.26-11.84-21.21-23.73-42.39-35.46-63.67-2.91-5.29-5.22-10.96-13.54-10.71,2.82-7.83,5.36-14.91,7.86-21.83-5.97-2.85-12.05-5.75-17.76-8.48,9.33-14.95,18.24-29.24,27.12-43.47-6.66-3.22-12.13-5.86-18.05-8.72,11.27-14.28,18.91-29.67,25.18-45.63-4.87-2.11-9.35-4.05-14.16-6.14,12.22-15.5,18.99-32.86,25.98-51.52,7.1,17.88,11.23,36.04,23.29,51.37-4.14,2.09-8.03,4.06-12.29,6.2,5.21,15.89,11.23,31.47,22.24,45.5-5.13,2.87-9.96,5.57-15.94,8.91Z\" style=\"fill:#f6a22c;\"><\/path><path d=\"M187.89,372.34h-88.67v-166.27c20.73,60,54.94,112.68,88.67,166.27Z\" style=\"fill:#f6a22c;\"><\/path><path d=\"M0,372.12c33.6-53.27,67.84-105.95,88.68-166.32v166.32H0Z\" style=\"fill:#f6a22c;\"><\/path><path d=\"M428.96,332.69c3.35,13.42,6.57,26.28,9.87,39.51h-29.8c3.31-13.26,6.58-26.38,9.85-39.51h10.07Z\" style=\"fill:#f6a22c;\"><\/path><\/svg>\t\t\t<\/div>\n\t\t<\/div>\n\t\t\t\t\t\t<\/div>\n\t\t\t\t<\/div>\n\t\t\t\t<div class=\"elementor-element elementor-element-17b16c9 elementor-widget elementor-widget-heading\" data-id=\"17b16c9\" data-element_type=\"widget\" data-widget_type=\"heading.default\">\n\t\t\t\t<div class=\"elementor-widget-container\">\n\t\t\t\t\t<h2 class=\"elementor-heading-title elementor-size-default\">Nos conseils pour une randonn\u00e9e r\u00e9ussie<\/h2>\t\t\t\t<\/div>\n\t\t\t\t<\/div>\n\t\t\t\t<div class=\"elementor-element elementor-element-9d3c28e elementor-widget elementor-widget-text-editor\" data-id=\"9d3c28e\" data-element_type=\"widget\" data-widget_type=\"text-editor.default\">\n\t\t\t\t<div class=\"elementor-widget-container\">\n\t\t\t\t\t\t\t\t\t<p>Vous \u00eates pr\u00eat \u00e0 partir \u00e0 l\u2019aventure? Voici quelques derniers conseils avant de chausser vos bottes.<\/p><ul><li>Partez t\u00f4t pour profiter du calme et \u00e9viter l&#8217;achalandage, surtout en haute saison.<\/li><li>Suivez le rythme des plus jeunes.<\/li><li>Pensez \u00e0 apporter de l&#8217;eau, des collations et des v\u00eatements adapt\u00e9s \u00e0 la m\u00e9t\u00e9o.<\/li><li>Transformez la randonn\u00e9e en aventure : observez la faune, essayez d\u2019identifier la flore, inventez des jeux, attardez-vous aux petits d\u00e9tails.<\/li><li>R\u00e9compensez vos efforts avec une pause \u00e0 la plage, une sortie en kayak ou un arr\u00eat dans l\u2019un des savoureux restaurants de la r\u00e9gion.<br \/><br \/><\/li><\/ul><p>L\u2019aventure est plus proche qu\u2019on ne le croit. Que ce soit pour une journ\u00e9e ou un s\u00e9jour en camping ou en <a href=\"https:\/\/parcregionalsadm.com\/hebergement\/\">h\u00e9bergement<\/a>, nos sentiers n\u2019attendent que\u00a0vous!<\/p>\t\t\t\t\t\t\t\t<\/div>\n\t\t\t\t<\/div>\n\t\t\t\t\t<\/div>\n\t\t\t\t<\/div>\n\t\t\t\t<\/div>\n\t\t","protected":false},"excerpt":{"rendered":"<p>\u00c0 seulement une heure de Montr\u00e9al, le Parc r\u00e9gional Sainte-Agathe-des-Monts se pr\u00e9sente comme une destination de randonn\u00e9e de choix dans les Laurentides.<\/p>\n","protected":false},"author":1,"featured_media":7533,"comment_status":"closed","ping_status":"open","sticky":false,"template":"","format":"standard","meta":{"footnotes":""},"categories":[22],"tags":[],"class_list":["post-7598","post","type-post","status-publish","format-standard","has-post-thumbnail","hentry","category-blogue"],"_links":{"self":[{"href":"https:\/\/parcregionalsadm.com\/en\/wp-json\/wp\/v2\/posts\/7598","targetHints":{"allow":["GET"]}}],"collection":[{"href":"https:\/\/parcregionalsadm.com\/en\/wp-json\/wp\/v2\/posts"}],"about":[{"href":"https:\/\/parcregionalsadm.com\/en\/wp-json\/wp\/v2\/types\/post"}],"author":[{"embeddable":true,"href":"https:\/\/parcregionalsadm.com\/en\/wp-json\/wp\/v2\/users\/1"}],"replies":[{"embeddable":true,"href":"https:\/\/parcregionalsadm.com\/en\/wp-json\/wp\/v2\/comments?post=7598"}],"version-history":[{"count":3,"href":"https:\/\/parcregionalsadm.com\/en\/wp-json\/wp\/v2\/posts\/7598\/revisions"}],"predecessor-version":[{"id":7601,"href":"https:\/\/parcregionalsadm.com\/en\/wp-json\/wp\/v2\/posts\/7598\/revisions\/7601"}],"wp:featuredmedia":[{"embeddable":true,"href":"https:\/\/parcregionalsadm.com\/en\/wp-json\/wp\/v2\/media\/7533"}],"wp:attachment":[{"href":"https:\/\/parcregionalsadm.com\/en\/wp-json\/wp\/v2\/media?parent=7598"}],"wp:term":[{"taxonomy":"category","embeddable":true,"href":"https:\/\/parcregionalsadm.com\/en\/wp-json\/wp\/v2\/categories?post=7598"},{"taxonomy":"post_tag","embeddable":true,"href":"https:\/\/parcregionalsadm.com\/en\/wp-json\/wp\/v2\/tags?post=7598"}],"curies":[{"name":"wp","href":"https:\/\/api.w.org\/{rel}","templated":true}]}}